{"id":3503,"date":"2025-11-27T07:41:00","date_gmt":"2025-11-27T07:41:00","guid":{"rendered":"https:\/\/www.fuoribinario.org\/?p=3503"},"modified":"2025-11-27T08:57:04","modified_gmt":"2025-11-27T08:57:04","slug":"la-mente-incarcerata","status":"publish","type":"post","link":"https:\/\/www.fuoribinario.org\/index.php\/2025\/11\/27\/la-mente-incarcerata\/","title":{"rendered":"La mente incarcerata"},"content":{"rendered":"\n<p><strong>DI FRANCESCO MARTINELLI E JACOPO STEFANI<\/strong><\/p>\n\n\n\n<p>Il 28 ottobre si \u00e8 svolto, nella sede del Consiglio Regionale della Toscana, il convegno \u201cLa mente incarcerata, salute mentale e detenzione: un ossimoro da discutere\u201d.<\/p>\n\n\n\n<p>A dieci anni dalla chiusura degli Ospedali Psichiatrici Giudiziari, \u00e8 stata presentata la ricerca \u201cSalute mentale in carcere dopo il superamento degli OPG\u201d, a cura della Societ\u00e0 della ragione &#8211; un\u2019Aps che si occupa di carcere, di diritti e di libert\u00e0 delle persone &#8211; e dall\u2019Ufficio del Garante dei diritti dei detenuti della Regione Toscana.<\/p>\n\n\n\n<p>La giornata \u00e8 iniziata presentando i metodi e i risultati della ricerca, incentrata in particolare sugli istituti di pena di Udine, Prato e Rebibbia. \u00c8 stato sottolineato il profondo scollamento fra istituzioni e realt\u00e0 quotidiana degli istituti. Tutto inizia nel 2008 quando la gestione della sanit\u00e0 in carcere, con le relative risorse e personale, viene scorporata dall\u2019amministrazione penitenziaria e trasferita al SSN. Una delle conseguenze \u00e8 una crescente carenza di comunicazione, tanto che, per la mancanza di collaborazione fra soggetti istituzionali, la stessa ricerca non sempre \u00e8 riuscita a raccogliere dati importanti. L\u2019impressione \u00e8 che si sia delineato un sistema in cui ci sono due soggetti, un \u201ccorpo detenuto\u201d e, nel caso del detenuto affetto da disagio psichico, un \u201ccorpo malato\u201d. Il secondo per\u00f2, attraverso i suoi sintomi, parla di una realt\u00e0 pi\u00f9 ampia in cui la persona, in realt\u00e0 unica e con una sua dignit\u00e0, non trova opportunit\u00e0 di riscatto n\u00e9 riconoscimento.<\/p>\n\n\n\n<p>Sia sul fronte dei percorsi di emancipazione che su quello delle pene alternative il quadro \u00e8 stagnante, se non peggiorato, malgrado importanti sentenze, fra cui la 99\/2019 della Corte Costituzionale, che regola la detenzione domiciliare per i detenuti affetti da grave disagio psichico. Sentenza del tutto inapplicata.<\/p>\n\n\n\n<p>I questionari e i dati raccolti dai detenuti confermano problemi gravi e pervasivi, che configurano il carcere come una realt\u00e0 non soltanto incompatibile con la cura del disagio psichico, ma anche come concausa. Una prima ragione \u00e8 il sovraffollamento che, ricorda il Presidente onorario della Societ\u00e0 della ragione Franco Corleone, pu\u00f2 portare a \u201csette\/otto persone in una cella con un cesso solo\u201d, senza doccia e acqua calda; poi l\u2019assenza di percorsi di reinserimento lavorativo, e non solo, nella societ\u00e0.<\/p>\n\n\n\n<p>Si fa sempre pi\u00f9 ricorso al trattamento farmacologico, con numerosi effetti negativi: la sedazione, spesso per motivi disciplinari; il mercato nero dei farmaci, impiegati come merce di scambio; la concezione del disagio come problema individuale, non collegato all\u2019assenza di prospettive e alla solitudine.<\/p>\n\n\n\n<p>Come ha fatto notare la dottoressa Elisabetta Marasco, responsabile della salute mentale a Prato, il prevalere delle logiche securitarie nelle istituzioni fa s\u00ec che le buone pratiche \u2013 come i citati interventi etnopsichiatrici a Sollicciano \u2013 siano sempre in salita. Laddove ci vorrebbero istituti aperti al territorio, il sistema attuale troppo spesso lascia che l&#8217;unico riscatto sociale immaginabile sia la recidiva. Le abbiamo chiesto: \u201cQuando la medicalizzazione del disagio lascia il tuo corpo disteso in branda, giorno dopo giorno, incapace di approcciarsi all\u2019altro, a forme di lavoro dentro all\u2019istituto o di formazione che aprano orizzonti diversi, a cosa ti puoi attaccare? Ammesso che un caso del genere possa anche solo essere rilevato\u201d. Ecco la risposta: \u201cL\u2019unico modo \u00e8 o che un secondino si prenda a cuore la cosa, oppure (come per fortuna spesso succede) che si crei una solidariet\u00e0 in cella fra i detenuti\u201d. Ci conforta sapere che esiste ancora un forte senso di umanit\u00e0 fra chi vive una condizione spesso disumanizzante, ma chiunque capisce che una tale rete di salvataggio non pu\u00f2 offrire prospettive serie per il dopo detenzione (se non, a volte, nuovi contatti per riprendere le stesse strade).<\/p>\n\n\n\n<p>Intanto il governo continua a promuovere la narrazione securitaria, non investe sulle pene alternative e ignora la condizione di disperazione di tante, troppe persone. I responsabili del carcere di Prato quest&#8217;anno si sono potuti rallegrare di non aver avuto suicidi. La Garante per i diritti del medesimo istituto Margherita Michelini, ha aggiunto che per\u00f2 di carcere c&#8217;erano state \u201cdue morti\u201d. \u00c8 una frase che, nell&#8217;enorme non detto che ci sta dietro, ci ha lasciato con un brivido.<\/p>\n","protected":false},"excerpt":{"rendered":"<p>DI FRANCESCO MARTINELLI E JACOPO STEFANI Il 28 ottobre si \u00e8 svolto, nella sede del Consiglio Regionale della Toscana, il convegno \u201cLa mente incarcerata, salute mentale e detenzione: un ossimoro da discutere\u201d. A dieci anni dalla chiusura degli Ospedali Psichiatrici Giudiziari, \u00e8 stata presentata la ricerca \u201cSalute mentale in carcere dopo il superamento degli OPG\u201d, [&hellip;]<\/p>\n","protected":false},"author":18,"featured_media":3504,"comment_status":"open","ping_status":"open","sticky":false,"template":"","format":"standard","meta":{"_uag_custom_page_level_css":"","site-sidebar-layout":"default","site-content-layout":"","ast-site-content-layout":"default","site-content-style":"default","site-sidebar-style":"default","ast-global-header-display":"","ast-banner-title-visibility":"","ast-main-header-display":"","ast-hfb-above-header-display":"","ast-hfb-below-header-display":"","ast-hfb-mobile-header-display":"","site-post-title":"","ast-breadcrumbs-content":"","ast-featured-img":"disabled","footer-sml-layout":"","ast-disable-related-posts":"","theme-transparent-header-meta":"","adv-header-id-meta":"","stick-header-meta":"","header-above-stick-meta":"","header-main-stick-meta":"","header-below-stick-meta":"","astra-migrate-meta-layouts":"set","ast-page-background-enabled":"default","ast-page-background-meta":{"desktop":{"background-color":"var(--ast-global-color-4)","background-image":"","background-repeat":"repeat","background-position":"center center","background-size":"auto","background-attachment":"scroll","background-type":"","background-media":"","overlay-type":"","overlay-color":"","overlay-opacity":"","overlay-gradient":""},"tablet":{"background-color":"","background-image":"","background-repeat":"repeat","background-position":"center center","background-size":"auto","background-attachment":"scroll","background-type":"","background-media":"","overlay-type":"","overlay-color":"","overlay-opacity":"","overlay-gradient":""},"mobile":{"background-color":"","background-image":"","background-repeat":"repeat","background-position":"center center","background-size":"auto","background-attachment":"scroll","background-type":"","background-media":"","overlay-type":"","overlay-color":"","overlay-opacity":"","overlay-gradient":""}},"ast-content-background-meta":{"desktop":{"background-color":"var(--ast-global-color-5)","background-image":"","background-repeat":"repeat","background-position":"center center","background-size":"auto","background-attachment":"scroll","background-type":"","background-media":"","overlay-type":"","overlay-color":"","overlay-opacity":"","overlay-gradient":""},"tablet":{"background-color":"var(--ast-global-color-5)","background-image":"","background-repeat":"repeat","background-position":"center center","background-size":"auto","background-attachment":"scroll","background-type":"","background-media":"","overlay-type":"","overlay-color":"","overlay-opacity":"","overlay-gradient":""},"mobile":{"background-color":"var(--ast-global-color-5)","background-image":"","background-repeat":"repeat","background-position":"center center","background-size":"auto","background-attachment":"scroll","background-type":"","background-media":"","overlay-type":"","overlay-color":"","overlay-opacity":"","overlay-gradient":""}},"footnotes":""},"categories":[124],"tags":[],"ppma_author":[41,87],"class_list":["post-3503","post","type-post","status-publish","format-standard","has-post-thumbnail","hentry","category-editoriali"],"uagb_featured_image_src":{"full":["https:\/\/www.fuoribinario.org\/wp-content\/uploads\/2025\/11\/Schermata-del-2025-11-27-09-38-26.png",372,352,false],"thumbnail":["https:\/\/www.fuoribinario.org\/wp-content\/uploads\/2025\/11\/Schermata-del-2025-11-27-09-38-26-150x150.png",150,150,true],"medium":["https:\/\/www.fuoribinario.org\/wp-content\/uploads\/2025\/11\/Schermata-del-2025-11-27-09-38-26-300x284.png",300,284,true],"medium_large":["https:\/\/www.fuoribinario.org\/wp-content\/uploads\/2025\/11\/Schermata-del-2025-11-27-09-38-26.png",372,352,false],"large":["https:\/\/www.fuoribinario.org\/wp-content\/uploads\/2025\/11\/Schermata-del-2025-11-27-09-38-26.png",372,352,false],"1536x1536":["https:\/\/www.fuoribinario.org\/wp-content\/uploads\/2025\/11\/Schermata-del-2025-11-27-09-38-26.png",372,352,false],"2048x2048":["https:\/\/www.fuoribinario.org\/wp-content\/uploads\/2025\/11\/Schermata-del-2025-11-27-09-38-26.png",372,352,false]},"uagb_author_info":{"display_name":"Fraska","author_link":"https:\/\/www.fuoribinario.org\/index.php\/author\/fraska\/"},"uagb_comment_info":0,"uagb_excerpt":"DI FRANCESCO MARTINELLI E JACOPO STEFANI Il 28 ottobre si \u00e8 svolto, nella sede del Consiglio Regionale della Toscana, il convegno \u201cLa mente incarcerata, salute mentale e detenzione: un ossimoro da discutere\u201d. A dieci anni dalla chiusura degli Ospedali Psichiatrici Giudiziari, \u00e8 stata presentata la ricerca \u201cSalute mentale in carcere dopo il superamento degli OPG\u201d,&hellip;","authors":[{"term_id":41,"user_id":18,"is_guest":0,"slug":"fraska","display_name":"Fraska","avatar_url":{"url":"https:\/\/www.fuoribinario.org\/wp-content\/uploads\/2023\/08\/fraska.jpg","url2x":"https:\/\/www.fuoribinario.org\/wp-content\/uploads\/2023\/08\/fraska.jpg"},"0":null,"1":"","2":"","3":"","4":"","5":"","6":"","7":"","8":""},{"term_id":87,"user_id":0,"is_guest":1,"slug":"jacopo","display_name":"Jacopo Stefani","avatar_url":"https:\/\/secure.gravatar.com\/avatar\/?s=96&d=mm&r=g","0":null,"1":"","2":"","3":"","4":"","5":"","6":"","7":"","8":""}],"_links":{"self":[{"href":"https:\/\/www.fuoribinario.org\/index.php\/wp-json\/wp\/v2\/posts\/3503","targetHints":{"allow":["GET"]}}],"collection":[{"href":"https:\/\/www.fuoribinario.org\/index.php\/wp-json\/wp\/v2\/posts"}],"about":[{"href":"https:\/\/www.fuoribinario.org\/index.php\/wp-json\/wp\/v2\/types\/post"}],"author":[{"embeddable":true,"href":"https:\/\/www.fuoribinario.org\/index.php\/wp-json\/wp\/v2\/users\/18"}],"replies":[{"embeddable":true,"href":"https:\/\/www.fuoribinario.org\/index.php\/wp-json\/wp\/v2\/comments?post=3503"}],"version-history":[{"count":1,"href":"https:\/\/www.fuoribinario.org\/index.php\/wp-json\/wp\/v2\/posts\/3503\/revisions"}],"predecessor-version":[{"id":3505,"href":"https:\/\/www.fuoribinario.org\/index.php\/wp-json\/wp\/v2\/posts\/3503\/revisions\/3505"}],"wp:featuredmedia":[{"embeddable":true,"href":"https:\/\/www.fuoribinario.org\/index.php\/wp-json\/wp\/v2\/media\/3504"}],"wp:attachment":[{"href":"https:\/\/www.fuoribinario.org\/index.php\/wp-json\/wp\/v2\/media?parent=3503"}],"wp:term":[{"taxonomy":"category","embeddable":true,"href":"https:\/\/www.fuoribinario.org\/index.php\/wp-json\/wp\/v2\/categories?post=3503"},{"taxonomy":"post_tag","embeddable":true,"href":"https:\/\/www.fuoribinario.org\/index.php\/wp-json\/wp\/v2\/tags?post=3503"},{"taxonomy":"author","embeddable":true,"href":"https:\/\/www.fuoribinario.org\/index.php\/wp-json\/wp\/v2\/ppma_author?post=3503"}],"curies":[{"name":"wp","href":"https:\/\/api.w.org\/{rel}","templated":true}]}}